{"id":234,"date":"2018-08-06T17:50:54","date_gmt":"2018-08-06T15:50:54","guid":{"rendered":"http:\/\/hf-normandie.fr\/?p=234"},"modified":"2020-01-09T22:35:08","modified_gmt":"2020-01-09T21:35:08","slug":"guide-la-parite-2016-haut-conseil-de-legalite","status":"publish","type":"post","link":"https:\/\/hf-normandie.fr\/index.php\/2018\/08\/06\/guide-la-parite-2016-haut-conseil-de-legalite\/","title":{"rendered":"Guide de la Parit\u00e9 &#8211; Haut Conseil de l&rsquo;Egalit\u00e9"},"content":{"rendered":"<h2>Des lois pour le partage \u00e0 \u00e9galit\u00e9 des responsabilit\u00e9s politiques, professionnelles et sociales<\/h2>\n<p>Le <a href=\"http:\/\/www.haut-conseil-egalite.gouv.fr\/\">Haut Conseil \u00e0 l\u2019\u00c9galit\u00e9<\/a> publie r\u00e9guli\u00e8rement une version actualis\u00e9e de son Guide de la Parit\u00e9 &#8211; \u00ab\u00a0Des lois pour le partage \u00e0 \u00e9galit\u00e9 des responsabilit\u00e9s politiques, professionnelles et sociales\u00a0\u00bb, afin de suivre les \u00e9volutions de la parit\u00e9.<\/p>\n<p>La parit\u00e9 constitue un outil autant qu\u2019une fin visant le partage \u00e0 \u00e9galit\u00e9 du pouvoir de repr\u00e9sentation et de d\u00e9cision entre les femmes et les hommes. En France, les lois dites de parit\u00e9 ont \u00e9t\u00e9 vot\u00e9es pour promouvoir l\u2019\u00e9gal acc\u00e8s des femmes et des hommes aux mandats \u00e9lectoraux et fonctions \u00e9lectives, ainsi qu\u2019aux responsabilit\u00e9s professionnelles et sociales.<\/p>\n<p>Le Haut Conseil \u00e0 l\u2019\u00c9galit\u00e9 rappelle que la parit\u00e9 constitue une exigence de justice en vue d\u2019atteindre l\u2019\u00e9galit\u00e9 femmes-hommes et recense les principaux chiffres cl\u00e9s dans tous les secteurs (entreprises, f\u00e9d\u00e9rations sportives, syndicats&#8230;).<\/p>\n<p>Retrouvez la derni\u00e8re mise \u00e0 jour <a href=\"http:\/\/www.haut-conseil-egalite.gouv.fr\/IMG\/pdf\/guide_parite-maj-v-longue-2019-v3bis.pdf\">en version longue<\/a> ou <a href=\"http:\/\/www.haut-conseil-egalite.gouv.fr\/IMG\/pdf\/parite-depliant_sept-2018-135x210-v1.pdf\">version courte<\/a> du Guide de la Parit\u00e9.<\/p>\n<p><a href=\"http:\/\/www.haut-conseil-egalite.gouv.fr\/\" target=\"_blank\" rel=\"attachment noopener wp-att-3543 noreferrer\"><img loading=\"lazy\" decoding=\"async\" class=\"alignleft size-full wp-image-3543\" src=\"http:\/\/www.hf-idf.org\/wp-content\/uploads\/Logo-HCEfh.png\" alt=\"Logo HCEfh\" width=\"160\" height=\"160\" \/><\/a><\/p>\n","protected":false},"excerpt":{"rendered":"<p>Des lois pour le partage \u00e0 \u00e9galit\u00e9 des responsabilit\u00e9s politiques, professionnelles et sociales Le Haut Conseil \u00e0 l\u2019\u00c9galit\u00e9 publie r\u00e9guli\u00e8rement une version actualis\u00e9e de son Guide de la Parit\u00e9 &#8211; \u00ab\u00a0Des lois pour le partage \u00e0 \u00e9galit\u00e9 des responsabilit\u00e9s politiques, professionnelles et sociales\u00a0\u00bb, afin de suivre les \u00e9volutions de la parit\u00e9. La parit\u00e9 constitue un [&hellip;]<\/p>\n","protected":false},"author":1,"featured_media":0,"comment_status":"open","ping_status":"open","sticky":false,"template":"","format":"standard","meta":{"footnotes":""},"categories":[1],"tags":[],"class_list":["post-234","post","type-post","status-publish","format-standard","hentry","category-hf-normandie"],"_links":{"self":[{"href":"https:\/\/hf-normandie.fr\/index.php\/wp-json\/wp\/v2\/posts\/234","targetHints":{"allow":["GET"]}}],"collection":[{"href":"https:\/\/hf-normandie.fr\/index.php\/wp-json\/wp\/v2\/posts"}],"about":[{"href":"https:\/\/hf-normandie.fr\/index.php\/wp-json\/wp\/v2\/types\/post"}],"author":[{"embeddable":true,"href":"https:\/\/hf-normandie.fr\/index.php\/wp-json\/wp\/v2\/users\/1"}],"replies":[{"embeddable":true,"href":"https:\/\/hf-normandie.fr\/index.php\/wp-json\/wp\/v2\/comments?post=234"}],"version-history":[{"count":4,"href":"https:\/\/hf-normandie.fr\/index.php\/wp-json\/wp\/v2\/posts\/234\/revisions"}],"predecessor-version":[{"id":898,"href":"https:\/\/hf-normandie.fr\/index.php\/wp-json\/wp\/v2\/posts\/234\/revisions\/898"}],"wp:attachment":[{"href":"https:\/\/hf-normandie.fr\/index.php\/wp-json\/wp\/v2\/media?parent=234"}],"wp:term":[{"taxonomy":"category","embeddable":true,"href":"https:\/\/hf-normandie.fr\/index.php\/wp-json\/wp\/v2\/categories?post=234"},{"taxonomy":"post_tag","embeddable":true,"href":"https:\/\/hf-normandie.fr\/index.php\/wp-json\/wp\/v2\/tags?post=234"}],"curies":[{"name":"wp","href":"https:\/\/api.w.org\/{rel}","templated":true}]}}