{"id":2591,"date":"2023-01-26T15:39:16","date_gmt":"2023-01-26T14:39:16","guid":{"rendered":"https:\/\/hf-normandie.fr\/?p=2591"},"modified":"2023-02-07T14:07:29","modified_gmt":"2023-02-07T13:07:29","slug":"appel-a-projets-2023-journees-du-matrimoine-en-normandie","status":"publish","type":"post","link":"https:\/\/hf-normandie.fr\/index.php\/2023\/01\/26\/appel-a-projets-2023-journees-du-matrimoine-en-normandie\/","title":{"rendered":"Appel \u00e0 projets 2023 &#8211; Journ\u00e9es du Matrimoine en Normandie"},"content":{"rendered":"<div class=\"wp-block-image\">\n<figure class=\"aligncenter size-large\"><img loading=\"lazy\" decoding=\"async\" width=\"1024\" height=\"561\" src=\"https:\/\/hf-normandie.fr\/wp-content\/uploads\/2021\/07\/Logotype_Matrimoine_2021-Centre-01-1-1024x561.jpg\" alt=\"\" class=\"wp-image-1424\" srcset=\"https:\/\/hf-normandie.fr\/wp-content\/uploads\/2021\/07\/Logotype_Matrimoine_2021-Centre-01-1-1024x561.jpg 1024w, https:\/\/hf-normandie.fr\/wp-content\/uploads\/2021\/07\/Logotype_Matrimoine_2021-Centre-01-1-300x164.jpg 300w, https:\/\/hf-normandie.fr\/wp-content\/uploads\/2021\/07\/Logotype_Matrimoine_2021-Centre-01-1-768x420.jpg 768w, https:\/\/hf-normandie.fr\/wp-content\/uploads\/2021\/07\/Logotype_Matrimoine_2021-Centre-01-1-1536x841.jpg 1536w, https:\/\/hf-normandie.fr\/wp-content\/uploads\/2021\/07\/Logotype_Matrimoine_2021-Centre-01-1-2048x1121.jpg 2048w\" sizes=\"auto, (max-width: 1024px) 100vw, 1024px\" \/><\/figure>\n<\/div>\n\n\n<p>Le <strong>Mouvement HF <\/strong>agit en faveur de l\u2019\u00e9galit\u00e9 r\u00e9elle entre les Femmes et les Hommes dans les secteurs des Arts et de la Culture. Constitu\u00e9 de plusieurs collectifs et associations r\u00e9gionales, il se r\u00e9unit au sein d\u2019une F\u00e9d\u00e9ration interr\u00e9gionale et d\u00e9veloppe des partenariats \u00e0 l\u2019\u00e9chelle europ\u00e9enne et internationale.<\/p>\n\n\n\n<p>En luttant depuis 2011 contre\ntoutes formes de discriminations observ\u00e9es, <strong>HF Normandie<\/strong>\nsouhaite contribuer \u00e0 ce que le secteur artistique et culturel soit\nl\u2019expression d\u2019une soci\u00e9t\u00e9 en mouvement, soucieuse d\u2019\u00e9galit\u00e9 et de d\u00e9mocratie.<strong><\/strong><\/p>\n\n\n\n<p class=\"has-text-align-center has-vivid-red-color has-very-light-gray-background-color has-text-color has-background has-normal-font-size\"><em><strong> Chaque ann\u00e9e, depuis 2015,<\/strong> <strong>le Mouvement HF associe<\/strong> <br><strong>collectivit\u00e9s publiques, institutions culturelles, \u00e9quipes artistiques, acteurs et actrices de la soci\u00e9t\u00e9 civile <\/strong><\/em><br><em><strong>dans toute la France pour organiser les Journ\u00e9es du Matrimoine<\/strong><\/em>.<\/p>\n\n\n\n<h4 class=\"wp-block-heading\" id=\"conferences-expositions-spectacles-visites-commentees-projections-construisons-ensemble-l-evenement-du-15-au-18-septembre-2022\"><strong>Conf\u00e9rences, expositions, spectacles, visites comment\u00e9es, projections&nbsp;: construisons ensemble l\u2019\u00e9v\u00e8nement du 14 au 17 septembre 2023 !<\/strong><\/h4>\n\n\n\n<p>Notre h\u00e9ritage culturel est compos\u00e9 de notre patrimoine (ce qui vient des p\u00e8res) et de notre matrimoine (ce qui vient des m\u00e8res). En r\u00e9habilitant la notion de matrimoine, terme qui existait d\u00e8s le Moyen \u00c2ge, le Mouvement HF souhaite valoriser la m\u00e9moire des cr\u00e9atrices et intellectuelles en contribuant \u00e0 la transmission et \u00e0 la visibilit\u00e9 des \u0153uvres de celles qui nous ont pr\u00e9c\u00e9d\u00e9es. Il s\u2019agit aussi de faire \u00e9merger et de construire notre matrimoine \u00e0 venir, en permettant aux artistes contemporaines de faire reconnaitre leur talent.<\/p>\n\n\n\n<p>L\u2019\u00e9galit\u00e9 entre femmes et hommes n\u00e9cessite une revalorisation de l\u2019h\u00e9ritage des femmes. <br><strong>D\u00e8s lors, Matrimoine et Patrimoine, constituent ensemble notre h\u00e9ritage culturel commun.<\/strong><\/p>\n\n\n\n<h4 class=\"has-vivid-red-color has-text-color wp-block-heading\" id=\"vous-souhaitez-participer-accueillir-ou-proposer-un-projet-un-appel-a-projets-est-ouvert-du-1er-fevrier-au-5-avril-2022\"><strong>Vous souhaitez participer, accueillir ou proposer un projet ?<\/strong><br><strong>Un appel \u00e0 projets est ouvert jusqu&rsquo;au 9 avril 2023.<\/strong><\/h4>\n\n\n\n<h4 class=\"wp-block-heading\" id=\"conditions-d-eligibilite\"><strong>Conditions d\u2019\u00e9ligibilit\u00e9&nbsp;: <\/strong><strong><\/strong><\/h4>\n\n\n\n<p>L\u2019appel \u00e0 projets concerne toute proposition <strong>mettant \u00e0 l\u2019honneur les femmes cr\u00e9atrices, penseuses, chercheuses d\u2019hier et d\u2019aujourd\u2019hui, c\u00e9l\u00e8bres, m\u00e9connues ou inconnues.<\/strong><\/p>\n\n\n\n<p>Ces projets peuvent \u00eatre pr\u00e9sent\u00e9s par&nbsp;:<\/p>\n\n\n\n<ul class=\"wp-block-list\">\n<li><strong>Des structures culturelles et\/ou collectivit\u00e9s publiques de Normandie<\/strong>&nbsp;(mus\u00e9es, sites, th\u00e9\u00e2tres et salles de spectacles\/concerts, \u00e9coles et galeries d\u2019art, cin\u00e9mas, biblioth\u00e8ques, conservatoires\u2026)<br><strong><em>Chaque structure peut :<br>&#8211; proposer une ou plusieurs actions s\u2019inscrivant dans sa programmation ou ses activit\u00e9s \u00e0 cette p\u00e9riode ;<br>&#8211; et\/ou accueillir un projet s\u00e9lectionn\u00e9 par le comit\u00e9 de pilotage.<\/em><\/strong><\/li>\n<\/ul>\n\n\n\n<ul class=\"wp-block-list\">\n<li><strong>Des artistes et compagnies professionnelles de toutes disciplines<\/strong>&nbsp;; <br><\/li>\n\n\n\n<li><strong>Des artistes et \u00e9quipes artistiques ama<\/strong><strong>trices<\/strong> <strong>de toutes disciplines&nbsp;;<\/strong> <br><\/li>\n\n\n\n<li><strong>Des citoyen<\/strong>\u00b7<strong>nes qui souhaitent s\u2019engager&nbsp;;<\/strong><br><br><em>Les projets artistiques pr\u00e9sent\u00e9s, s\u2019ils ne disposent pas de structure ou de lieu susceptible de les accueillir, seront relay\u00e9s par l\u2019association HF Normandie aupr\u00e8s des partenaires afin de favoriser leur r\u00e9alisation.<\/em><\/li>\n<\/ul>\n\n\n\n<h4 class=\"wp-block-heading\" id=\"selection-des-projets\"><strong>S\u00e9lection\ndes projets&nbsp;: <\/strong><strong><\/strong><\/h4>\n\n\n\n<p>Les projets seront s\u00e9lectionn\u00e9s par un comit\u00e9 de pilotage compos\u00e9 de l\u2019association <strong>HF Normandie<\/strong> et de ses partenaires institutionnels.<\/p>\n\n\n\n<p>Le comit\u00e9 pourra solliciter la collaboration de structures partenaires&nbsp;: l\u2019ODIA Normandie, Normandie Images, Normandie Livre &amp; Lecture, La Fabrique de Patrimoines en Normandie, Norma&#8230; <\/p>\n\n\n\n<p>Il \u00e9tudiera l\u2019ensemble des propositions adress\u00e9es\net favorisera la mise en relation des projets artistiques avec les structures culturelles\npartenaires susceptibles de les accueillir.<\/p>\n\n\n\n<p>Les projets seront s\u00e9lectionn\u00e9s sur dossier, au regard de leur pertinence par rapport aux enjeux du Matrimoine et de l\u2019\u00e9galit\u00e9 entre les femmes et les hommes (tant dans leur conception que dans leur mise en \u0153uvre), de leur exigence artistique et culturelle et de leur faisabilit\u00e9 technique. Une attention particuli\u00e8re sera port\u00e9e aux projets refl\u00e9tant la diversit\u00e9 artistique et culturelle de notre soci\u00e9t\u00e9 et aux propositions accessibles au plus grand nombre, y compris les personnes en situation de handicap.<\/p>\n\n\n\n<p>Les propositions jeune public et familiales y compris sur le temps scolaire seront sp\u00e9cifiquement \u00e9tudi\u00e9es afin d\u2019offrir aux plus jeunes g\u00e9n\u00e9rations des r\u00e9f\u00e9rences et des mod\u00e8les \u00e0 m\u00eame de constituer un h\u00e9ritage culturel plus \u00e9galitaire.<\/p>\n\n\n\n<p>Les propositions artistiques et actions culturelles retenues&nbsp;: <\/p>\n\n\n\n<ul class=\"wp-block-list\">\n<li>seront confirm\u00e9es avant le 1er juin 2023&nbsp;;<\/li>\n\n\n\n<li>devront \u00eatre organis\u00e9es et financ\u00e9es par les structures porteuses, dans le respect des obligations sociales et fiscales l\u00e9gales&nbsp;;<\/li>\n\n\n\n<li>pourront b\u00e9n\u00e9ficier, sous r\u00e9serves et si besoin, d\u2019une contribution financi\u00e8re dans la limite d\u2019un plafond de 1000&nbsp;\u20ac\/proposition (cette contribution financi\u00e8re n&rsquo;a pas vocation \u00e0 financer une cr\u00e9ation ou \u00e0 prendre en charge l&rsquo;int\u00e9gralit\u00e9 d&rsquo;une prestation, mais \u00e0 permettre la faisabilit\u00e9 d&rsquo;une proposition dans des conditions professionnelles ou de compl\u00e9ter l&rsquo;apport \u00e9ventuel d&rsquo;une structure accueillante) ;<\/li>\n\n\n\n<li>feront l\u2019objet d\u2019une communication commune permettant de constituer l\u2019\u00e9v\u00e8nement des Journ\u00e9es du Matrimoine 2023, via des supports de communication recensant l\u2019ensemble des propositions.<\/li>\n<\/ul>\n\n\n\n<p class=\"has-very-light-gray-background-color has-background\"><strong>Pour candidater, merci d\u2019adresser vos propositions et projets en compl\u00e9tant<a rel=\"noreferrer noopener\" href=\"https:\/\/docs.google.com\/forms\/d\/e\/1FAIpQLScetqQMFIs0keODS63rsktRCtYhu-4cQAeRzTqquKgGd7ftgg\/viewform?usp=sf_link\" data-type=\"URL\" data-id=\"https:\/\/docs.google.com\/forms\/d\/e\/1FAIpQLScetqQMFIs0keODS63rsktRCtYhu-4cQAeRzTqquKgGd7ftgg\/viewform?usp=sf_link\" target=\"_blank\"> <\/a><a rel=\"noreferrer noopener\" href=\"https:\/\/forms.gle\/SeZCYuiXM8xd7mR8A\" target=\"_blank\">le formulaire en ligne<\/a><\/strong> <strong>avant le 9 avril<\/strong>.<\/p>\n","protected":false},"excerpt":{"rendered":"<p>Le Mouvement HF agit en faveur de l\u2019\u00e9galit\u00e9 r\u00e9elle entre les Femmes et les Hommes dans les secteurs des Arts et de la Culture. Constitu\u00e9 de plusieurs collectifs et associations r\u00e9gionales, il se r\u00e9unit au sein d\u2019une F\u00e9d\u00e9ration interr\u00e9gionale et d\u00e9veloppe des partenariats \u00e0 l\u2019\u00e9chelle europ\u00e9enne et internationale. En luttant depuis 2011 contre toutes formes [&hellip;]<\/p>\n","protected":false},"author":2,"featured_media":0,"comment_status":"closed","ping_status":"closed","sticky":false,"template":"","format":"standard","meta":{"footnotes":""},"categories":[8],"tags":[],"class_list":["post-2591","post","type-post","status-publish","format-standard","hentry","category-hf-normandie-2"],"_links":{"self":[{"href":"https:\/\/hf-normandie.fr\/index.php\/wp-json\/wp\/v2\/posts\/2591","targetHints":{"allow":["GET"]}}],"collection":[{"href":"https:\/\/hf-normandie.fr\/index.php\/wp-json\/wp\/v2\/posts"}],"about":[{"href":"https:\/\/hf-normandie.fr\/index.php\/wp-json\/wp\/v2\/types\/post"}],"author":[{"embeddable":true,"href":"https:\/\/hf-normandie.fr\/index.php\/wp-json\/wp\/v2\/users\/2"}],"replies":[{"embeddable":true,"href":"https:\/\/hf-normandie.fr\/index.php\/wp-json\/wp\/v2\/comments?post=2591"}],"version-history":[{"count":2,"href":"https:\/\/hf-normandie.fr\/index.php\/wp-json\/wp\/v2\/posts\/2591\/revisions"}],"predecessor-version":[{"id":2628,"href":"https:\/\/hf-normandie.fr\/index.php\/wp-json\/wp\/v2\/posts\/2591\/revisions\/2628"}],"wp:attachment":[{"href":"https:\/\/hf-normandie.fr\/index.php\/wp-json\/wp\/v2\/media?parent=2591"}],"wp:term":[{"taxonomy":"category","embeddable":true,"href":"https:\/\/hf-normandie.fr\/index.php\/wp-json\/wp\/v2\/categories?post=2591"},{"taxonomy":"post_tag","embeddable":true,"href":"https:\/\/hf-normandie.fr\/index.php\/wp-json\/wp\/v2\/tags?post=2591"}],"curies":[{"name":"wp","href":"https:\/\/api.w.org\/{rel}","templated":true}]}}