{"id":6490,"date":"2026-01-29T15:07:16","date_gmt":"2026-01-29T14:07:16","guid":{"rendered":"https:\/\/hf-normandie.fr\/?p=6490"},"modified":"2026-01-29T15:09:14","modified_gmt":"2026-01-29T14:09:14","slug":"lettre-ouverte-2","status":"publish","type":"post","link":"https:\/\/hf-normandie.fr\/index.php\/2026\/01\/29\/lettre-ouverte-2\/","title":{"rendered":"Lettre ouverte aux candidates et candidats aux \u00e9lections municipales"},"content":{"rendered":"\n<h2 class=\"wp-block-heading\"><strong>POUR UN ENGAGEMENT FORT EN FAVEUR DE L\u2019\u00c9GALIT\u00c9 R\u00c9ELLE ENTRE LES GENRES DANS LES SECTEURS DES ARTS ET DE LA CULTURE<\/strong><\/h2>\n\n\n\n<p>Dans le cadre des prochaines \u00e9lections municipales de mars 2026, l\u2019association HF+ Normandie, qui agit en faveur de l\u2019\u00e9galit\u00e9 sur notre territoire, souhaite interpeller les candidates et les candidats sur ces enjeux dans les secteurs des arts et de la culture.<\/p>\n\n\n\n<p>HF+ Normandie a \u00e9t\u00e9 constitu\u00e9e en avril 2011 \u00e0 l\u2019\u00e9chelle de la Normandie et a contribu\u00e9, depuis 15 ans, \u00e0 la cr\u00e9ation de la F\u00e9d\u00e9ration interr\u00e9gionale du Mouvement HF+, dont elle est membre.<br>Nous vous partageons les axes de notre manifeste afin d\u2019\u00e9clairer l\u2019action publique \u00e0 laquelle vous pourriez demain contribuer.<\/p>\n\n\n\n<p>En effet, si c\u2019est par le secteur de la culture qu\u2019est arriv\u00e9e, ces derni\u00e8res ann\u00e9es, la vague de mobilisation et de d\u00e9nonciation in\u00e9dite des violences faites aux femmes, #MeToo, c\u2019est que les in\u00e9galit\u00e9s de genre y sont particuli\u00e8rement flagrantes.<br>Majoritaires sur les bancs des \u00e9coles d\u2019art, les femmes disparaissent avec le temps, et les observatoires mis en place sur notre territoire, comme celui du minist\u00e8re de la Culture, r\u00e9v\u00e8lent que les in\u00e9galit\u00e9s perdurent :<\/p>\n\n\n\n<ul class=\"wp-block-list\">\n<li>16 % d\u2019\u00e9cart de salaire entre les femmes et les hommes dans les m\u00e9tiers du spectacle et de l\u2019audiovisuel ;<\/li>\n\n\n\n<li>Toujours trop peu de femmes prim\u00e9es : depuis 1970, seuls 3 films r\u00e9alis\u00e9s par des femmes ont obtenu la Palme d\u2019or au Festival de Cannes, et elles ne cumulent que 5 % des r\u00e9compenses.<\/li>\n<\/ul>\n\n\n\n<p><strong>En Normandie :<\/strong><\/p>\n\n\n\n<ul class=\"wp-block-list\">\n<li>Seulement 33 % de femmes \u00e0 la direction artistique des spectacles pr\u00e9sent\u00e9s ;<\/li>\n\n\n\n<li>Aucune femme compositrice d\u2019op\u00e9ra programm\u00e9e depuis 2019 ;<\/li>\n\n\n\n<li>Moins de 23 % de femmes au lead artistique des groupes de musiques actuelles ;<\/li>\n\n\n\n<li>38 % de femmes artistes expos\u00e9es.<\/li>\n<\/ul>\n\n\n\n<p>L\u2019\u00c9tat, comme certaines collectivit\u00e9s territoriales, se sont d\u00e9j\u00e0 engag\u00e9s dans une d\u00e9marche en faveur de l\u2019\u00e9galit\u00e9, notamment par la mise en place de l\u2019\u00e9gaconditionnalit\u00e9. Cette d\u00e9marche, promue depuis 2014, figurait dans un rapport \u00e0 l\u2019initiative des membres du Mouvement HF+ si\u00e9geant au Haut Conseil \u00e0 l\u2019\u00c9galit\u00e9 (HCE), remis en f\u00e9vrier 2018 aux autorit\u00e9s publiques et intitul\u00e9 : <em>\u00ab In\u00e9galit\u00e9s entre les femmes et les hommes dans les arts et la culture \u2013 Acte II : apr\u00e8s 10 ans de constats, le temps de l\u2019action \u00bb<\/em>.<br>Elle repose sur l\u2019id\u00e9e que les financements publics \u2014 20 milliards d\u2019euros par an dans le secteur de la culture \u2014 ne peuvent alimenter des pratiques in\u00e9galitaires.<\/p>\n\n\n\n<p>Les communes sont les premiers financeurs de la culture en France. Elles disposent d\u00e8s lors, y compris au regard de leurs comp\u00e9tences, de leviers d\u2019action pour agir en faveur d\u2019une meilleure r\u00e9partition et d\u2019une plus juste \u00e9quit\u00e9.<\/p>\n\n\n\n<p>Le Mouvement HF+ les encourage \u00e0 aller plus loin pour op\u00e9rer un changement d\u2019\u00e9chelle.<\/p>\n\n\n\n<p>Les mouvements f\u00e9ministes ont largement fait reconna\u00eetre que nous vivons dans une soci\u00e9t\u00e9 patriarcale, c\u2019est-\u00e0-dire une soci\u00e9t\u00e9 construite sur des rapports de domination au profit des hommes.<br>Le secteur culturel n\u2019y \u00e9chappe pas : que ce soit au spectacle, au concert, au cin\u00e9ma, dans les mus\u00e9es ou les galeries, tous les chiffres le montrent : ce qui est propos\u00e9 aux publics est encore tr\u00e8s majoritairement produit par des hommes. La visibilit\u00e9, les moyens financiers et la reconnaissance sont concentr\u00e9s \u00e0 leur profit, aux d\u00e9pens des femmes et des personnes minoris\u00e9es de genre.<\/p>\n\n\n\n<p>Depuis #MeToo, en 2017, un des rouages du syst\u00e8me patriarcal a \u00e9t\u00e9 mis au jour de fa\u00e7on majeure : l\u2019ampleur des violences sexistes et sexuelles et de leurs impacts. Nous pouvons aussi affirmer que le sexisme s\u2019articule avec d\u2019autres rapports de domination qui structurent tout autant le secteur : le racisme, le classisme, ainsi que l\u2019homophobie, la transphobie, le validisme\u2026<br>La lutte contre le sexisme est donc, par n\u00e9cessit\u00e9, une lutte contre ces oppressions syst\u00e9miques. Elle s\u2019inscrit aussi dans la gravit\u00e9 de la situation \u00e9cologique, dont les impacts touchent d\u2019abord les femmes. C\u2019est pour affirmer l\u2019intersectionnalit\u00e9 des luttes que le Mouvement HF est devenu HF+ en 2023.<\/p>\n\n\n\n<p>Nous souhaitons que les projets des \u00e9quipes candidates aux municipales de 2026 permettent \u00e0 toutes les personnes, quelles qu\u2019elles soient, de participer \u00e9galitairement \u00e0 notre vie culturelle, et que toutes puissent en r\u00e9colter les fruits, symboliques et financiers.<br>Vous avez aussi un r\u00f4le \u00e0 jouer pour que les femmes et les personnes minoris\u00e9es soient pr\u00e9sentes dans notre histoire, pass\u00e9e et future.<\/p>\n\n\n\n<p>Permettez que notre secteur, celui des arts et de la culture, soit \u00e0 la hauteur des enjeux d\u00e9mocratiques de notre pays et qu\u2019il soit le reflet d\u2019une soci\u00e9t\u00e9 juste, libre et \u00e9gale, pour toutes et tous.<\/p>\n\n\n\n<p>Les \u00e9lu\u00b7es de nos communes doivent se saisir de ces probl\u00e9matiques et agir pleinement \u00e0 leur \u00e9chelon, au regard de leurs comp\u00e9tences (urbanisme, logement, environnement, gestion des \u00e9coles pr\u00e9\u00e9l\u00e9mentaires et \u00e9l\u00e9mentaires\u2026) et conform\u00e9ment au principe de subsidiarit\u00e9.<\/p>\n\n\n\n<p>L\u2019\u00e9galit\u00e9 est un combat qui n\u00e9cessite d\u2019agir \u00e0 tous les niveaux, en faveur d\u2019une soci\u00e9t\u00e9 plus juste et plus d\u00e9mocratique, soucieuse de ne pas discriminer plus de la moiti\u00e9 de notre humanit\u00e9.<br>L\u2019association HF+ Normandie et le Mouvement HF+ souhaitent que les \u00e9quipes candidates aux prochaines \u00e9lections municipales int\u00e8grent ces enjeux \u00e0 leurs programmes. Il en va de la responsabilit\u00e9 de chacun\u00b7e d\u2019agir \u00e0 son endroit.<\/p>\n\n\n\n<p><strong>L\u2019\u00e9quipe de l\u2019association HF+ Normandie<\/strong><\/p>\n","protected":false},"excerpt":{"rendered":"<p>POUR UN ENGAGEMENT FORT EN FAVEUR DE L\u2019\u00c9GALIT\u00c9 R\u00c9ELLE ENTRE LES GENRES DANS LES SECTEURS DES ARTS ET DE LA CULTURE Dans le cadre des prochaines \u00e9lections municipales de mars 2026, l\u2019association HF+ Normandie, qui agit en faveur de l\u2019\u00e9galit\u00e9 sur notre territoire, souhaite interpeller les candidates et les candidats sur ces enjeux dans les [&hellip;]<\/p>\n","protected":false},"author":2,"featured_media":0,"comment_status":"closed","ping_status":"closed","sticky":false,"template":"","format":"standard","meta":{"footnotes":""},"categories":[8],"tags":[],"class_list":["post-6490","post","type-post","status-publish","format-standard","hentry","category-hf-normandie-2"],"_links":{"self":[{"href":"https:\/\/hf-normandie.fr\/index.php\/wp-json\/wp\/v2\/posts\/6490","targetHints":{"allow":["GET"]}}],"collection":[{"href":"https:\/\/hf-normandie.fr\/index.php\/wp-json\/wp\/v2\/posts"}],"about":[{"href":"https:\/\/hf-normandie.fr\/index.php\/wp-json\/wp\/v2\/types\/post"}],"author":[{"embeddable":true,"href":"https:\/\/hf-normandie.fr\/index.php\/wp-json\/wp\/v2\/users\/2"}],"replies":[{"embeddable":true,"href":"https:\/\/hf-normandie.fr\/index.php\/wp-json\/wp\/v2\/comments?post=6490"}],"version-history":[{"count":3,"href":"https:\/\/hf-normandie.fr\/index.php\/wp-json\/wp\/v2\/posts\/6490\/revisions"}],"predecessor-version":[{"id":6494,"href":"https:\/\/hf-normandie.fr\/index.php\/wp-json\/wp\/v2\/posts\/6490\/revisions\/6494"}],"wp:attachment":[{"href":"https:\/\/hf-normandie.fr\/index.php\/wp-json\/wp\/v2\/media?parent=6490"}],"wp:term":[{"taxonomy":"category","embeddable":true,"href":"https:\/\/hf-normandie.fr\/index.php\/wp-json\/wp\/v2\/categories?post=6490"},{"taxonomy":"post_tag","embeddable":true,"href":"https:\/\/hf-normandie.fr\/index.php\/wp-json\/wp\/v2\/tags?post=6490"}],"curies":[{"name":"wp","href":"https:\/\/api.w.org\/{rel}","templated":true}]}}