{"id":6580,"date":"2026-03-06T11:44:41","date_gmt":"2026-03-06T10:44:41","guid":{"rendered":"https:\/\/hf-normandie.fr\/?p=6580"},"modified":"2026-03-06T11:44:41","modified_gmt":"2026-03-06T10:44:41","slug":"debadoc-les-normandes-sortent-de-lombre","status":"publish","type":"post","link":"https:\/\/hf-normandie.fr\/index.php\/2026\/03\/06\/debadoc-les-normandes-sortent-de-lombre\/","title":{"rendered":"D\u00e9badoc : Les Normandes sortent de l&rsquo;ombre"},"content":{"rendered":"<div class=\"wp-block-image\">\n<figure class=\"aligncenter size-large\"><img loading=\"lazy\" decoding=\"async\" width=\"1024\" height=\"430\" src=\"https:\/\/hf-normandie.fr\/wp-content\/uploads\/2026\/03\/IMG_3224_reduc-1024x430.jpg\" alt=\"\" class=\"wp-image-6582\" srcset=\"https:\/\/hf-normandie.fr\/wp-content\/uploads\/2026\/03\/IMG_3224_reduc-1024x430.jpg 1024w, https:\/\/hf-normandie.fr\/wp-content\/uploads\/2026\/03\/IMG_3224_reduc-300x126.jpg 300w, https:\/\/hf-normandie.fr\/wp-content\/uploads\/2026\/03\/IMG_3224_reduc-768x322.jpg 768w, https:\/\/hf-normandie.fr\/wp-content\/uploads\/2026\/03\/IMG_3224_reduc-1536x645.jpg 1536w, https:\/\/hf-normandie.fr\/wp-content\/uploads\/2026\/03\/IMG_3224_reduc-2048x860.jpg 2048w\" sizes=\"auto, (max-width: 1024px) 100vw, 1024px\" \/><\/figure>\n<\/div>\n\n\n<p>Diffus\u00e9 sur <strong><a href=\"https:\/\/france3-regions.franceinfo.fr\/normandie\/\" data-type=\"link\" data-id=\"https:\/\/france3-regions.franceinfo.fr\/normandie\/\">France 3 Normandie<\/a><\/strong> le jeudi 5 mars apr\u00e8s le documentaire <strong><em>Charlotte Sohy, la cons\u00e9cration d\u2019une compositrice<\/em><\/strong> de Matthias Weber, le d\u00e9bat vise \u00e0 <strong>mettre \u00e0 l&rsquo;honneur des Normandes m\u00e9connues et \u00e0 s&rsquo;interroger sur l&rsquo;invisibilisation des femmes dans notre histoire<\/strong>.<\/p>\n\n\n\n<p>Avec <strong>Claire Saunier-Le Foll<\/strong>, enseignante en histoire, <strong>Constance Bohlinger<\/strong>, responsable du service des publics \u00e0 la Direction des Mus\u00e9es et Patrimoine de la Ville d&rsquo;Avranches, <strong>Aur\u00e9lie Daniel<\/strong>, animatrice culturelle Les Balades Rouennaises, <strong>Alix Alduc-Barbat<\/strong>, responsable des expositions au ch\u00e2teau de Cr\u00e8vec\u0153ur-en-Auge et secr\u00e9taire adjointe de l\u2019association AGCCPF Normandie, et <strong>Faustine Le Bras<\/strong>, coordinatrice de l&rsquo;association HF+ Normandie.<\/p>\n\n\n\n<p><strong>Pr\u00e9sent\u00e9 par Laurent Quembre<\/strong>.<\/p>\n\n\n\n<p style=\"margin-top:var(--wp--preset--spacing--50);margin-bottom:var(--wp--preset--spacing--50);font-size:19px\"><strong>Le D\u00e9badoc est d\u00e9sormais disponible en replay sur la plateforme France TV :<\/strong> <a href=\"https:\/\/www.france.tv\/france-3\/normandie\/debadoc-en-normandie\/\"><strong>https:\/\/www.france.tv\/france-3\/normandie\/debadoc-en-normandie\/<\/strong><\/a><\/p>\n\n\n\n<p><\/p>\n","protected":false},"excerpt":{"rendered":"<p>Diffus\u00e9 sur France 3 Normandie le jeudi 5 mars apr\u00e8s le documentaire Charlotte Sohy, la cons\u00e9cration d\u2019une compositrice de Matthias Weber, le d\u00e9bat vise \u00e0 mettre \u00e0 l&rsquo;honneur des Normandes m\u00e9connues et \u00e0 s&rsquo;interroger sur l&rsquo;invisibilisation des femmes dans notre histoire. Avec Claire Saunier-Le Foll, enseignante en histoire, Constance Bohlinger, responsable du service des publics [&hellip;]<\/p>\n","protected":false},"author":5,"featured_media":0,"comment_status":"closed","ping_status":"closed","sticky":false,"template":"","format":"standard","meta":{"footnotes":""},"categories":[8],"tags":[],"class_list":["post-6580","post","type-post","status-publish","format-standard","hentry","category-hf-normandie-2"],"_links":{"self":[{"href":"https:\/\/hf-normandie.fr\/index.php\/wp-json\/wp\/v2\/posts\/6580","targetHints":{"allow":["GET"]}}],"collection":[{"href":"https:\/\/hf-normandie.fr\/index.php\/wp-json\/wp\/v2\/posts"}],"about":[{"href":"https:\/\/hf-normandie.fr\/index.php\/wp-json\/wp\/v2\/types\/post"}],"author":[{"embeddable":true,"href":"https:\/\/hf-normandie.fr\/index.php\/wp-json\/wp\/v2\/users\/5"}],"replies":[{"embeddable":true,"href":"https:\/\/hf-normandie.fr\/index.php\/wp-json\/wp\/v2\/comments?post=6580"}],"version-history":[{"count":9,"href":"https:\/\/hf-normandie.fr\/index.php\/wp-json\/wp\/v2\/posts\/6580\/revisions"}],"predecessor-version":[{"id":6591,"href":"https:\/\/hf-normandie.fr\/index.php\/wp-json\/wp\/v2\/posts\/6580\/revisions\/6591"}],"wp:attachment":[{"href":"https:\/\/hf-normandie.fr\/index.php\/wp-json\/wp\/v2\/media?parent=6580"}],"wp:term":[{"taxonomy":"category","embeddable":true,"href":"https:\/\/hf-normandie.fr\/index.php\/wp-json\/wp\/v2\/categories?post=6580"},{"taxonomy":"post_tag","embeddable":true,"href":"https:\/\/hf-normandie.fr\/index.php\/wp-json\/wp\/v2\/tags?post=6580"}],"curies":[{"name":"wp","href":"https:\/\/api.w.org\/{rel}","templated":true}]}}