{"id":6601,"date":"2026-03-13T16:37:02","date_gmt":"2026-03-13T15:37:02","guid":{"rendered":"https:\/\/hf-normandie.fr\/?p=6601"},"modified":"2026-03-13T17:42:24","modified_gmt":"2026-03-13T16:42:24","slug":"rencontres-interregionales-annuelles-du-mouvement-hf","status":"publish","type":"post","link":"https:\/\/hf-normandie.fr\/index.php\/2026\/03\/13\/rencontres-interregionales-annuelles-du-mouvement-hf\/","title":{"rendered":"Rencontres interr\u00e9gionales annuelles du Mouvement HF+"},"content":{"rendered":"\n<p>Le <strong>samedi 4 avril<\/strong>, HF+ Normandie vous donne rendez-vous \u00e0 <strong>Grand-Quevilly (76)<\/strong> pour les rencontres interr\u00e9gionales annuelles du Mouvement HF+.<\/p>\n\n\n\n<p>Une journ\u00e9e pour <strong>se rencontrer, partager nos pratiques, croiser nos exp\u00e9riences et continuer \u00e0 faire avancer ensemble l\u2019\u00e9galit\u00e9 r\u00e9elle dans les arts et la culture.<\/strong><\/p>\n\n\n\n<p>\ud83d\udc49 <strong>Rencontres r\u00e9serv\u00e9es aux adh\u00e9rent\u00b7es du Mouvement HF+.<\/strong><\/p>\n\n\n\n<p>Vous souhaitez participer mais vous n\u2019\u00eates pas encore adh\u00e9rent\u00b7e \u00e0 HF+ Normandie ? Il est toujours temps de rejoindre l\u2019aventure !<\/p>\n\n\n\n<p>\ud83d\udca1 <strong>L\u2019adh\u00e9sion individuelle est \u00e0 prix libre, \u00e0 partir de 2 \u20ac.<\/strong><br>Adh\u00e9rer, c\u2019est soutenir nos actions et contribuer concr\u00e8tement \u00e0 faire progresser l\u2019\u00e9galit\u00e9 dans le secteur culturel.<br><\/p>\n\n\n\n<hr class=\"wp-block-separator has-alpha-channel-opacity\"\/>\n\n\n\n<h2 class=\"wp-block-heading\">Programme de la journ\u00e9e*<\/h2>\n\n\n\n<p><strong>Accueil caf\u00e9<\/strong> \u00e0 partir de 9h<\/p>\n\n\n\n<h3 class=\"wp-block-heading\">Matin \u2013 Atelier au choix<\/h3>\n\n\n\n<p><strong>9h30 \u2013 12h : ATELIER \u2013 Mutualisation des protocoles de signalement et de traitement des VSS dans les collectifs<\/strong><br><em>Par Morgane Olivier \u2013 adh\u00e9rente HF+ Normandie et membre du r\u00e9seau national des r\u00e9f\u00e9rentes VSS<\/em><\/p>\n\n\n\n<p><strong>OU<\/strong><\/p>\n\n\n\n<p><strong>9h30 \u2013 12h : ATELIER \u2013 Comment faire vivre l\u2019intersectionnalit\u00e9 dans nos collectifs ? \u00c9changes de pratiques<\/strong><br><em>Par Juliette Seyer (HF+ Centre-Val de Loire) et Jordan Le Douget (HF+ Bretagne)<\/em><\/p>\n\n\n\n<h3 class=\"wp-block-heading\">Apr\u00e8s-midi \u2013 Rencontres<\/h3>\n\n\n\n<p><strong>13h45 \u2013 15h15 :<\/strong> Restitution des ateliers (uniquement pour les participant\u00b7es)<\/p>\n\n\n\n<p><strong>Accueil caf\u00e9<\/strong> \u00e0 partir de 15h<\/p>\n\n\n\n<p><strong>15h30 \u2013 16h45 : RENCONTRE \u2013 Nos luttes f\u00e9ministes \u00e0 l\u2019\u00e9chelle europ\u00e9enne : l\u2019exemple de l\u2019Espagne<\/strong><br>Avec le collectif <em>Cl\u00e1sicas y Modernas<\/em><br>Suivie d\u2019une pr\u00e9sentation des travaux du groupe Europe de la f\u00e9d\u00e9ration HF+<\/p>\n\n\n\n<p><strong>17h \u2013 18h30 : RENCONTRE \u2013 D\u00e9masquer le chevalier blanc : de la r\u00e9appropriation culturelle des r\u00e9cits \u00e0 l\u2019\u00e9thique comme boussole dans les d\u00e9marches artistiques et programmatiques<\/strong><br><em>Par Jade Robert<\/em><\/p>\n\n\n\n<h3 class=\"wp-block-heading\">Pour prolonger les \u00e9changes<\/h3>\n\n\n\n<p><strong>19h30 \u2013 23h : SOIR\u00c9E AU 128Bis<\/strong><br><em>Tiers-lieu, caf\u00e9 culturel et associatif \u00e0 Rouen<\/em><\/p>\n\n\n\n<p>\u26a0\ufe0f <strong>Inscription indispensable avant le 23 mars via ce formulaire :<\/strong><br><a href=\"https:\/\/forms.gle\/9CUBMByWSkmv6gm2A\">https:\/\/forms.gle\/9CUBMByWSkmv6gm2A<\/a><\/p>\n\n\n\n<hr class=\"wp-block-separator has-alpha-channel-opacity\"\/>\n\n\n\n<p>* <em>Il est possible de s\u2019inscrire \u00e0 chaque temps propos\u00e9 ind\u00e9pendamment des autres.<\/em><\/p>\n","protected":false},"excerpt":{"rendered":"<p>Le samedi 4 avril, HF+ Normandie vous donne rendez-vous \u00e0 Grand-Quevilly (76) pour les rencontres interr\u00e9gionales annuelles du Mouvement HF+. Une journ\u00e9e pour se rencontrer, partager nos pratiques, croiser nos exp\u00e9riences et continuer \u00e0 faire avancer ensemble l\u2019\u00e9galit\u00e9 r\u00e9elle dans les arts et la culture. \ud83d\udc49 Rencontres r\u00e9serv\u00e9es aux adh\u00e9rent\u00b7es du Mouvement HF+. Vous souhaitez [&hellip;]<\/p>\n","protected":false},"author":5,"featured_media":0,"comment_status":"closed","ping_status":"closed","sticky":false,"template":"","format":"standard","meta":{"footnotes":""},"categories":[8],"tags":[],"class_list":["post-6601","post","type-post","status-publish","format-standard","hentry","category-hf-normandie-2"],"_links":{"self":[{"href":"https:\/\/hf-normandie.fr\/index.php\/wp-json\/wp\/v2\/posts\/6601","targetHints":{"allow":["GET"]}}],"collection":[{"href":"https:\/\/hf-normandie.fr\/index.php\/wp-json\/wp\/v2\/posts"}],"about":[{"href":"https:\/\/hf-normandie.fr\/index.php\/wp-json\/wp\/v2\/types\/post"}],"author":[{"embeddable":true,"href":"https:\/\/hf-normandie.fr\/index.php\/wp-json\/wp\/v2\/users\/5"}],"replies":[{"embeddable":true,"href":"https:\/\/hf-normandie.fr\/index.php\/wp-json\/wp\/v2\/comments?post=6601"}],"version-history":[{"count":22,"href":"https:\/\/hf-normandie.fr\/index.php\/wp-json\/wp\/v2\/posts\/6601\/revisions"}],"predecessor-version":[{"id":6672,"href":"https:\/\/hf-normandie.fr\/index.php\/wp-json\/wp\/v2\/posts\/6601\/revisions\/6672"}],"wp:attachment":[{"href":"https:\/\/hf-normandie.fr\/index.php\/wp-json\/wp\/v2\/media?parent=6601"}],"wp:term":[{"taxonomy":"category","embeddable":true,"href":"https:\/\/hf-normandie.fr\/index.php\/wp-json\/wp\/v2\/categories?post=6601"},{"taxonomy":"post_tag","embeddable":true,"href":"https:\/\/hf-normandie.fr\/index.php\/wp-json\/wp\/v2\/tags?post=6601"}],"curies":[{"name":"wp","href":"https:\/\/api.w.org\/{rel}","templated":true}]}}