{"id":665,"date":"2019-03-12T11:16:24","date_gmt":"2019-03-12T10:16:24","guid":{"rendered":"http:\/\/hf-normandie.fr\/?p=665"},"modified":"2021-11-25T16:51:48","modified_gmt":"2021-11-25T15:51:48","slug":"retour-sur-la-journee-matrimoine-de-rouen","status":"publish","type":"post","link":"https:\/\/hf-normandie.fr\/index.php\/2019\/03\/12\/retour-sur-la-journee-matrimoine-de-rouen\/","title":{"rendered":"Retour sur la Journ\u00e9e Matrimoine de Rouen !"},"content":{"rendered":"<p><a href=\"https:\/\/hf-normandie.fr\/index.php\/2019\/02\/26\/matrimoine-de-rouen-devoilement-de-plaques-commemoratives\/\"><img loading=\"lazy\" decoding=\"async\" class=\"alignleft wp-image-667 size-medium\" src=\"https:\/\/hf-normandie.fr\/wp-content\/uploads\/2019\/03\/Flyer9_03_Frida_HD-1-214x300.jpg\" alt=\"\" width=\"214\" height=\"300\" srcset=\"https:\/\/hf-normandie.fr\/wp-content\/uploads\/2019\/03\/Flyer9_03_Frida_HD-1-214x300.jpg 214w, https:\/\/hf-normandie.fr\/wp-content\/uploads\/2019\/03\/Flyer9_03_Frida_HD-1-768x1075.jpg 768w, https:\/\/hf-normandie.fr\/wp-content\/uploads\/2019\/03\/Flyer9_03_Frida_HD-1-732x1024.jpg 732w, https:\/\/hf-normandie.fr\/wp-content\/uploads\/2019\/03\/Flyer9_03_Frida_HD-1.jpg 1801w\" sizes=\"auto, (max-width: 214px) 100vw, 214px\" \/><\/a>Samedi 9 mars une centaine de personnes ont assist\u00e9, avec \u00e9motion, \u00e0 la <strong>pose de plaques comm\u00e9moratives<\/strong> sur les immeubles o\u00f9 ont v\u00e9cus <strong>Simone de Beauvoir<\/strong> et <strong>Am\u00e9lie Bosquet<\/strong>. A l&rsquo;issue de la d\u00e9ambulation musicale et th\u00e9\u00e2trale anim\u00e9e par Aur\u00e9lie Daniel, la plaque en l&rsquo;honneur de <strong>Denise Holstein<\/strong> a \u00e9t\u00e9 d\u00e9voil\u00e9e \u00e0 l&rsquo;h\u00f4tel de Ville. Elle sera tr\u00e8s prochainement appos\u00e9e rue Jeanne d&rsquo;Arc.<\/p>\n<p>Toute l&rsquo;\u00e9quipe d&rsquo;HF Normandie est fi\u00e8re d&rsquo;avoir particip\u00e9 \u00e0 la reconnaissance de leur appartenance au Matrimoine et \u00e0 l\u2019h\u00e9ritage culturel rouennais\u00a0!<\/p>\n<p>Merci \u00e0 la Ville de Rouen pour son engagement et \u00e0 la compagnie du P&rsquo;tit Ballon et aux balades rouennaises pour leur d\u00e9termination et leur talent.<\/p>\n<p><strong>La presse en parle !<\/strong><\/p>\n<ul>\n<li><a href=\"https:\/\/www.lachainenormande.tv\/Replay\/informations\/la-quotidienne\/Rouen-donne-elles-2019-LiuFArIZNw.html?fbclid=IwAR2WjGs5QdInJxQalLrJSKfmiq_Kn9QEMibekPm2w7CWIYZ1LUOg3SoDBoA\">Reportage de la Chaine Normande<\/a><\/li>\n<li><a href=\"https:\/\/www.tendanceouest.com\/actualite-314407-rouen-honore-ses-femmes-illustres-lors-des-journees-du-matrimoine.html?fbclid=IwAR0I75sndcTyNTBzKw2FjA0gt4-4mvpCoe8yFKNx6cbYzgQdzt5h1b0wMn4#.XIa6WL2Ke_M.messenger\">Tendance Ouest<\/a><\/li>\n<li><a href=\"https:\/\/www.paris-normandie.fr\/region\/denise-holstein-simone-de-beauvoir-et-amelie-bosquet--trois-figures-feminines-rouennaises-honorees-GD14714310\">Paris-Normandie<\/a><\/li>\n<li><a href=\"https:\/\/www.rouen.fr\/evenement\/2019\/03\/portrait-mag-denise-holstein-memoire-vive\">Rouen mag<\/a><\/li>\n<\/ul>\n","protected":false},"excerpt":{"rendered":"<p>Samedi 9 mars une centaine de personnes ont assist\u00e9, avec \u00e9motion, \u00e0 la pose de plaques comm\u00e9moratives sur les immeubles o\u00f9 ont v\u00e9cus Simone de Beauvoir et Am\u00e9lie Bosquet. A l&rsquo;issue de la d\u00e9ambulation musicale et th\u00e9\u00e2trale anim\u00e9e par Aur\u00e9lie Daniel, la plaque en l&rsquo;honneur de Denise Holstein a \u00e9t\u00e9 d\u00e9voil\u00e9e \u00e0 l&rsquo;h\u00f4tel de Ville. [&hellip;]<\/p>\n","protected":false},"author":2,"featured_media":0,"comment_status":"open","ping_status":"open","sticky":false,"template":"","format":"standard","meta":{"footnotes":""},"categories":[8],"tags":[],"class_list":["post-665","post","type-post","status-publish","format-standard","hentry","category-hf-normandie-2"],"_links":{"self":[{"href":"https:\/\/hf-normandie.fr\/index.php\/wp-json\/wp\/v2\/posts\/665","targetHints":{"allow":["GET"]}}],"collection":[{"href":"https:\/\/hf-normandie.fr\/index.php\/wp-json\/wp\/v2\/posts"}],"about":[{"href":"https:\/\/hf-normandie.fr\/index.php\/wp-json\/wp\/v2\/types\/post"}],"author":[{"embeddable":true,"href":"https:\/\/hf-normandie.fr\/index.php\/wp-json\/wp\/v2\/users\/2"}],"replies":[{"embeddable":true,"href":"https:\/\/hf-normandie.fr\/index.php\/wp-json\/wp\/v2\/comments?post=665"}],"version-history":[{"count":7,"href":"https:\/\/hf-normandie.fr\/index.php\/wp-json\/wp\/v2\/posts\/665\/revisions"}],"predecessor-version":[{"id":677,"href":"https:\/\/hf-normandie.fr\/index.php\/wp-json\/wp\/v2\/posts\/665\/revisions\/677"}],"wp:attachment":[{"href":"https:\/\/hf-normandie.fr\/index.php\/wp-json\/wp\/v2\/media?parent=665"}],"wp:term":[{"taxonomy":"category","embeddable":true,"href":"https:\/\/hf-normandie.fr\/index.php\/wp-json\/wp\/v2\/categories?post=665"},{"taxonomy":"post_tag","embeddable":true,"href":"https:\/\/hf-normandie.fr\/index.php\/wp-json\/wp\/v2\/tags?post=665"}],"curies":[{"name":"wp","href":"https:\/\/api.w.org\/{rel}","templated":true}]}}