{"id":7209,"date":"2026-09-02T15:22:06","date_gmt":"2026-09-02T13:22:06","guid":{"rendered":"https:\/\/hf-normandie.fr\/?p=7209"},"modified":"2026-09-02T15:22:06","modified_gmt":"2026-09-02T13:22:06","slug":"retrouvez-hf-normandie-au-forum-a-lasso-de-la-ville-de-rouen","status":"publish","type":"post","link":"https:\/\/hf-normandie.fr\/index.php\/2026\/09\/02\/retrouvez-hf-normandie-au-forum-a-lasso-de-la-ville-de-rouen\/","title":{"rendered":"Retrouvez HF+ Normandie au Forum \u00c0 l&rsquo;Asso de la Ville de Rouen !"},"content":{"rendered":"<div class=\"wp-block-image\">\n<figure class=\"aligncenter size-large\"><img loading=\"lazy\" decoding=\"async\" width=\"1024\" height=\"151\" src=\"https:\/\/hf-normandie.fr\/wp-content\/uploads\/2026\/08\/image-1024x151.png\" alt=\"\" class=\"wp-image-7210\" srcset=\"https:\/\/hf-normandie.fr\/wp-content\/uploads\/2026\/08\/image-1024x151.png 1024w, https:\/\/hf-normandie.fr\/wp-content\/uploads\/2026\/08\/image-300x44.png 300w, https:\/\/hf-normandie.fr\/wp-content\/uploads\/2026\/08\/image-764x113.png 764w, https:\/\/hf-normandie.fr\/wp-content\/uploads\/2026\/08\/image.png 1468w\" sizes=\"auto, (max-width: 1024px) 100vw, 1024px\" \/><\/figure>\n<\/div>\n\n\n<p class=\"wp-block-paragraph\"><strong>Retrouvez-nous le samedi 5 septembre 2026 pour la 18\u00e8me \u00e9dition du Forum \u00c0 l&rsquo;Asso de la Ville de Rouen !<\/strong><\/p>\n\n\n\n<p class=\"wp-block-paragraph\">Toute l&rsquo;\u00e9quipe d&rsquo;<strong>HF+ Normandie<\/strong> sera pr\u00e9sente pour vous faire d\u00e9couvrir ses actions, \u00e9changer sur l&rsquo;\u00e9galit\u00e9 de genre dans les arts et la culture, et partager nos engagements avec vous.<\/p>\n\n\n\n<h3 class=\"wp-block-heading\">\ud83d\udccc Ce que vous trouverez sur notre stand :<\/h3>\n\n\n\n<p class=\"wp-block-paragraph\">Venez r\u00e9cup\u00e9rer en avant-premi\u00e8re <strong>le programme complet de cette 10\u00e8me \u00e9dition (du 16 au 20 septembre 2026) <\/strong>pour pr\u00e9parer votre parcours !<\/p>\n\n\n\n<p class=\"wp-block-paragraph\">Venez consulter nos donn\u00e9es et \u00e9changer avec nous sur l\u2019\u00e9tat des lieux de la parit\u00e9 et de la place des femmes dans le secteur culturel r\u00e9gional.<\/p>\n\n\n\n<p class=\"wp-block-paragraph\">Vous souhaitez vous engager \u00e0 nos c\u00f4t\u00e9s, participer \u00e0 l&rsquo;organisation de nos \u00e9v\u00e9nements ou soutenir nos actions ? C&rsquo;est le moment parfait pour venir en discuter et rejoindre l&rsquo;\u00e9quipe !<\/p>\n\n\n\n<h3 class=\"wp-block-heading\">\ud83d\udccd Infos pratiques<\/h3>\n\n\n\n<ul class=\"wp-block-list\">\n<li><strong>O\u00f9 ?<\/strong> Sur les quais bas rive gauche, entre le pont Guillaume-le-Conqu\u00e9rant et le pont Jeanne-d\u2019Arc &#8211; <strong>Stand n\u00b081<\/strong> !<\/li>\n\n\n\n<li><strong>Quand ?<\/strong> Samedi 5 septembre 2026, de 10h \u00e0 18h.<\/li>\n<\/ul>\n\n\n\n<p class=\"wp-block-paragraph\">\ud83d\udca1 <strong>Bon \u00e0 savoir :<\/strong><\/p>\n\n\n\n<ul class=\"wp-block-list\">\n<li><strong>Transports gratuits :<\/strong> Le samedi, les transports en commun du r\u00e9seau sont totalement gratuits ! Privil\u00e9giez les mobilit\u00e9s douces pour venir nous rendre visite.<\/li>\n\n\n\n<li><strong>En savoir plus :<\/strong> Retrouvez la liste compl\u00e8te des associations et le plan sur le site de la Ville : <a href=\"https:\/\/rouen.fr\/forum-asso\" target=\"_blank\" rel=\"noopener\">rouen.fr\/forum-asso<\/a>.<\/li>\n<\/ul>\n\n\n\n<p class=\"wp-block-paragraph\">Que vous veniez par curiosit\u00e9, pour r\u00e9cup\u00e9rer votre programme, consulter l&rsquo;observatoire ou vous engager comme b\u00e9n\u00e9vole, <strong>nous vous attendons nombreuses et nombreux au stand 81 !<\/strong><\/p>\n","protected":false},"excerpt":{"rendered":"<p>Retrouvez-nous le samedi 5 septembre 2026 pour la 18\u00e8me \u00e9dition du Forum \u00c0 l&rsquo;Asso de la Ville de Rouen ! Toute l&rsquo;\u00e9quipe d&rsquo;HF+ Normandie sera pr\u00e9sente pour vous faire d\u00e9couvrir ses actions, \u00e9changer sur l&rsquo;\u00e9galit\u00e9 de genre dans les arts et la culture, et partager nos engagements avec vous. \ud83d\udccc Ce que vous trouverez sur [&hellip;]<\/p>\n","protected":false},"author":7,"featured_media":0,"comment_status":"closed","ping_status":"closed","sticky":false,"template":"","format":"standard","meta":{"footnotes":""},"categories":[8],"tags":[],"class_list":["post-7209","post","type-post","status-publish","format-standard","hentry","category-hf-normandie-2"],"_links":{"self":[{"href":"https:\/\/hf-normandie.fr\/index.php\/wp-json\/wp\/v2\/posts\/7209","targetHints":{"allow":["GET"]}}],"collection":[{"href":"https:\/\/hf-normandie.fr\/index.php\/wp-json\/wp\/v2\/posts"}],"about":[{"href":"https:\/\/hf-normandie.fr\/index.php\/wp-json\/wp\/v2\/types\/post"}],"author":[{"embeddable":true,"href":"https:\/\/hf-normandie.fr\/index.php\/wp-json\/wp\/v2\/users\/7"}],"replies":[{"embeddable":true,"href":"https:\/\/hf-normandie.fr\/index.php\/wp-json\/wp\/v2\/comments?post=7209"}],"version-history":[{"count":1,"href":"https:\/\/hf-normandie.fr\/index.php\/wp-json\/wp\/v2\/posts\/7209\/revisions"}],"predecessor-version":[{"id":7211,"href":"https:\/\/hf-normandie.fr\/index.php\/wp-json\/wp\/v2\/posts\/7209\/revisions\/7211"}],"wp:attachment":[{"href":"https:\/\/hf-normandie.fr\/index.php\/wp-json\/wp\/v2\/media?parent=7209"}],"wp:term":[{"taxonomy":"category","embeddable":true,"href":"https:\/\/hf-normandie.fr\/index.php\/wp-json\/wp\/v2\/categories?post=7209"},{"taxonomy":"post_tag","embeddable":true,"href":"https:\/\/hf-normandie.fr\/index.php\/wp-json\/wp\/v2\/tags?post=7209"}],"curies":[{"name":"wp","href":"https:\/\/api.w.org\/{rel}","templated":true}]}}