{"id":734,"date":"2019-08-21T11:45:35","date_gmt":"2019-08-21T09:45:35","guid":{"rendered":"http:\/\/hf-normandie.fr\/?p=734"},"modified":"2021-11-25T16:51:00","modified_gmt":"2021-11-25T15:51:00","slug":"programme-complet-des-jdm-19","status":"publish","type":"post","link":"https:\/\/hf-normandie.fr\/index.php\/2019\/08\/21\/programme-complet-des-jdm-19\/","title":{"rendered":"Journ\u00e9es du Matrimoine 2019"},"content":{"rendered":"\n<p><strong>Les Journ\u00e9es du Matrimoine <\/strong>sont organis\u00e9es chaque ann\u00e9e en regard des Journ\u00e9es Europ\u00e9ennes du Patrimoine afin de valoriser l\u2019apport des cr\u00e9atrices et intellectuelles dans notre histoire collective et d\u2019instaurer sur un pied d\u2019\u00e9galit\u00e9 notre h\u00e9ritage culturel commun !<\/p>\n\n\n\n<p>Du 19 au 22 septembre, cette 3e \u00e9dition, invite tous les publics, jeunes et moins jeunes, \u00e0 d\u00e9couvrir ou \u00e0 red\u00e9couvrir l\u2019\u0153uvre des grandes figures f\u00e9minines, connues ou m\u00e9connues, de notre histoire r\u00e9gionale, nationale ou internationale.<\/p>\n\n\n\n<p><strong>Retrouvez le programme d\u00e9taill\u00e9 des 56 projets artistiques et culturels dans 44 lieux des 5 d\u00e9partements de Normandie, accessible \u00e0 toutes et tous<\/strong>. <\/p>\n\n\n\n<div style=\"text-align:center;\"><div style=\"margin:8px 0px 4px;\"><a href=\"https:\/\/www.calameo.com\/books\/005657590ced49499eeb5\" target=\"_blank\" rel=\"noopener noreferrer\">Programme Journ\u00e9es du Matrimoine 2019<\/a><\/div><figure><iframe loading=\"lazy\" src=\"\/\/v.calameo.com\/?bkcode=005657590ced49499eeb5&amp;mode=mini\" width=\"480\" height=\"300\" frameborder=\"0\" scrolling=\"no\" allowtransparency=\"\" allowfullscreen=\"\" style=\"margin:0 auto;\" <=\"\" div=\"\"><\/iframe><\/figure><\/div>\n\n\n\n<p><a href=\"https:\/\/hf-normandie.fr\/wp-content\/uploads\/2019\/08\/Plaquette_Colette-web.pdf\">T\u00e9l\u00e9charger la brochure<\/a><\/p>\n","protected":false},"excerpt":{"rendered":"<p>Les Journ\u00e9es du Matrimoine sont organis\u00e9es chaque ann\u00e9e en regard des Journ\u00e9es Europ\u00e9ennes du Patrimoine afin de valoriser l\u2019apport des cr\u00e9atrices et intellectuelles dans notre histoire collective et d\u2019instaurer sur un pied d\u2019\u00e9galit\u00e9 notre h\u00e9ritage culturel commun ! Du 19 au 22 septembre, cette 3e \u00e9dition, invite tous les publics, jeunes et moins jeunes, \u00e0 [&hellip;]<\/p>\n","protected":false},"author":2,"featured_media":0,"comment_status":"open","ping_status":"open","sticky":false,"template":"","format":"standard","meta":{"footnotes":""},"categories":[8],"tags":[],"class_list":["post-734","post","type-post","status-publish","format-standard","hentry","category-hf-normandie-2"],"_links":{"self":[{"href":"https:\/\/hf-normandie.fr\/index.php\/wp-json\/wp\/v2\/posts\/734","targetHints":{"allow":["GET"]}}],"collection":[{"href":"https:\/\/hf-normandie.fr\/index.php\/wp-json\/wp\/v2\/posts"}],"about":[{"href":"https:\/\/hf-normandie.fr\/index.php\/wp-json\/wp\/v2\/types\/post"}],"author":[{"embeddable":true,"href":"https:\/\/hf-normandie.fr\/index.php\/wp-json\/wp\/v2\/users\/2"}],"replies":[{"embeddable":true,"href":"https:\/\/hf-normandie.fr\/index.php\/wp-json\/wp\/v2\/comments?post=734"}],"version-history":[{"count":11,"href":"https:\/\/hf-normandie.fr\/index.php\/wp-json\/wp\/v2\/posts\/734\/revisions"}],"predecessor-version":[{"id":801,"href":"https:\/\/hf-normandie.fr\/index.php\/wp-json\/wp\/v2\/posts\/734\/revisions\/801"}],"wp:attachment":[{"href":"https:\/\/hf-normandie.fr\/index.php\/wp-json\/wp\/v2\/media?parent=734"}],"wp:term":[{"taxonomy":"category","embeddable":true,"href":"https:\/\/hf-normandie.fr\/index.php\/wp-json\/wp\/v2\/categories?post=734"},{"taxonomy":"post_tag","embeddable":true,"href":"https:\/\/hf-normandie.fr\/index.php\/wp-json\/wp\/v2\/tags?post=734"}],"curies":[{"name":"wp","href":"https:\/\/api.w.org\/{rel}","templated":true}]}}